{"id":8460,"date":"2016-09-23T11:05:06","date_gmt":"2016-09-23T10:05:06","guid":{"rendered":"http:\/\/sp.jaworzyna.net\/?p=8460"},"modified":"2016-09-23T11:05:40","modified_gmt":"2016-09-23T10:05:40","slug":"nowy-samorzad-szkolny","status":"publish","type":"post","link":"http:\/\/sp.jaworzyna.net\/?p=8460","title":{"rendered":"Nowy Samorz\u0105d Szkolny"},"content":{"rendered":"<p><img loading=\"lazy\" decoding=\"async\" class=\"alignleft size-thumbnail wp-image-8461\" src=\"http:\/\/sp.jaworzyna.net\/wp-content\/uploads\/2016\/09\/20160923_085738-150x150.jpg\" alt=\"20160923_085738\" width=\"150\" height=\"150\" \/>22\u00a0wrze\u015bnia w naszej szkole odby\u0142y si\u0119 wybory do Samorz\u0105du Uczniowskiego.\u00a0\u00a0Po tygodniowej wojnie plakatowej w sk\u0142adzie SU znale\u017ali si\u0119 :<\/p>\n<p>Przewodnicz\u0105ca:\u00a0Kinga Mentel<\/p>\n<p>Z-ca :\u00a0Julia Plizga<\/p>\n<p>Cz\u0142onkowie: Katarzyna Hajduk,\u00a0Maja \u0141anek,\u00a0Martyna Dyko.<\/p>\n<p><em>Nowo wybranym serdecznie gratulujemy i \u00a0\u017cyczymy mi\u0142ej kadencji oraz spe\u0142nienia obietnic danych kole\u017cankom i kolegom. Liczymy, \u017ce dzi\u0119ki waszym staraniom w szkole b\u0119dzie jeszcze milej i przyjemniej.<\/em><\/p>\n<p><!--more--><\/p>\n<p><img loading=\"lazy\" decoding=\"async\" class=\"alignleft wp-image-8462 size-full\" src=\"http:\/\/sp.jaworzyna.net\/wp-content\/uploads\/2016\/09\/20160923_085523.jpg\" alt=\"20160923_085523\" width=\"3264\" height=\"1840\" srcset=\"http:\/\/sp.jaworzyna.net\/wp-content\/uploads\/2016\/09\/20160923_085523.jpg 3264w, http:\/\/sp.jaworzyna.net\/wp-content\/uploads\/2016\/09\/20160923_085523-300x169.jpg 300w, http:\/\/sp.jaworzyna.net\/wp-content\/uploads\/2016\/09\/20160923_085523-768x433.jpg 768w, http:\/\/sp.jaworzyna.net\/wp-content\/uploads\/2016\/09\/20160923_085523-1024x577.jpg 1024w\" sizes=\"auto, (max-width: 3264px) 100vw, 3264px\" \/> <img loading=\"lazy\" decoding=\"async\" class=\"alignleft wp-image-8463 size-full\" src=\"http:\/\/sp.jaworzyna.net\/wp-content\/uploads\/2016\/09\/20160923_085608.jpg\" alt=\"20160923_085608\" width=\"3264\" height=\"1840\" srcset=\"http:\/\/sp.jaworzyna.net\/wp-content\/uploads\/2016\/09\/20160923_085608.jpg 3264w, http:\/\/sp.jaworzyna.net\/wp-content\/uploads\/2016\/09\/20160923_085608-300x169.jpg 300w, http:\/\/sp.jaworzyna.net\/wp-content\/uploads\/2016\/09\/20160923_085608-768x433.jpg 768w, http:\/\/sp.jaworzyna.net\/wp-content\/uploads\/2016\/09\/20160923_085608-1024x577.jpg 1024w\" sizes=\"auto, (max-width: 3264px) 100vw, 3264px\" \/> <img loading=\"lazy\" decoding=\"async\" class=\"alignleft wp-image-8464 size-full\" src=\"http:\/\/sp.jaworzyna.net\/wp-content\/uploads\/2016\/09\/20160923_085738-1.jpg\" alt=\"20160923_085738\" width=\"3264\" height=\"1840\" srcset=\"http:\/\/sp.jaworzyna.net\/wp-content\/uploads\/2016\/09\/20160923_085738-1.jpg 3264w, http:\/\/sp.jaworzyna.net\/wp-content\/uploads\/2016\/09\/20160923_085738-1-300x169.jpg 300w, http:\/\/sp.jaworzyna.net\/wp-content\/uploads\/2016\/09\/20160923_085738-1-768x433.jpg 768w, http:\/\/sp.jaworzyna.net\/wp-content\/uploads\/2016\/09\/20160923_085738-1-1024x577.jpg 1024w\" sizes=\"auto, (max-width: 3264px) 100vw, 3264px\" \/><\/p>\n","protected":false},"excerpt":{"rendered":"<p>22\u00a0wrze\u015bnia w naszej szkole odby\u0142y si\u0119 wybory do Samorz\u0105du Uczniowskiego.\u00a0\u00a0Po tygodniowej wojnie plakatowej w sk\u0142adzie SU znale\u017ali si\u0119 : Przewodnicz\u0105ca:\u00a0Kinga Mentel Z-ca :\u00a0Julia Plizga Cz\u0142onkowie: Katarzyna Hajduk,\u00a0Maja \u0141anek,\u00a0Martyna Dyko. Nowo wybranym serdecznie gratulujemy i \u00a0\u017cyczymy mi\u0142ej kadencji oraz spe\u0142nienia obietnic danych kole\u017cankom i kolegom. Liczymy, \u017ce dzi\u0119ki waszym staraniom w szkole b\u0119dzie jeszcze milej i [&hellip;]<\/p>\n","protected":false},"author":2,"featured_media":0,"comment_status":"closed","ping_status":"closed","sticky":false,"template":"","format":"standard","meta":{"footnotes":""},"categories":[3,9],"tags":[],"class_list":["post-8460","post","type-post","status-publish","format-standard","hentry","category-aktualnosci","category-z-zycia-szkoly","gallery-content-unit"],"_links":{"self":[{"href":"http:\/\/sp.jaworzyna.net\/index.php?rest_route=\/wp\/v2\/posts\/8460","targetHints":{"allow":["GET"]}}],"collection":[{"href":"http:\/\/sp.jaworzyna.net\/index.php?rest_route=\/wp\/v2\/posts"}],"about":[{"href":"http:\/\/sp.jaworzyna.net\/index.php?rest_route=\/wp\/v2\/types\/post"}],"author":[{"embeddable":true,"href":"http:\/\/sp.jaworzyna.net\/index.php?rest_route=\/wp\/v2\/users\/2"}],"replies":[{"embeddable":true,"href":"http:\/\/sp.jaworzyna.net\/index.php?rest_route=%2Fwp%2Fv2%2Fcomments&post=8460"}],"version-history":[{"count":2,"href":"http:\/\/sp.jaworzyna.net\/index.php?rest_route=\/wp\/v2\/posts\/8460\/revisions"}],"predecessor-version":[{"id":8466,"href":"http:\/\/sp.jaworzyna.net\/index.php?rest_route=\/wp\/v2\/posts\/8460\/revisions\/8466"}],"wp:attachment":[{"href":"http:\/\/sp.jaworzyna.net\/index.php?rest_route=%2Fwp%2Fv2%2Fmedia&parent=8460"}],"wp:term":[{"taxonomy":"category","embeddable":true,"href":"http:\/\/sp.jaworzyna.net\/index.php?rest_route=%2Fwp%2Fv2%2Fcategories&post=8460"},{"taxonomy":"post_tag","embeddable":true,"href":"http:\/\/sp.jaworzyna.net\/index.php?rest_route=%2Fwp%2Fv2%2Ftags&post=8460"}],"curies":[{"name":"wp","href":"https:\/\/api.w.org\/{rel}","templated":true}]}}