{"id":75,"date":"2012-01-27T11:02:32","date_gmt":"2012-01-27T10:02:32","guid":{"rendered":"http:\/\/sp.jaworzyna.net\/?p=75"},"modified":"2012-02-08T12:56:01","modified_gmt":"2012-02-08T11:56:01","slug":"dolnoslaska-szkola-liderem-projakosciowych-zmian-w-polskim-systemie-edukacji","status":"publish","type":"post","link":"http:\/\/sp.jaworzyna.net\/?p=75","title":{"rendered":"Dolno\u015bl\u0105ska szko\u0142a liderem projako\u015bciowych zmian w polskim systemie edukacji"},"content":{"rendered":"<p><a href=\"http:\/\/sp.jaworzyna.net\/wp-content\/uploads\/2012\/01\/lider_edukacji.jpg\"><img loading=\"lazy\" decoding=\"async\" class=\"alignleft size-medium wp-image-121\" title=\"logo czlowiek najnowsze bez ramek\" src=\"http:\/\/sp.jaworzyna.net\/wp-content\/uploads\/2012\/01\/lider_edukacji-215x300.jpg\" alt=\"\" width=\"215\" height=\"300\" srcset=\"http:\/\/sp.jaworzyna.net\/wp-content\/uploads\/2012\/01\/lider_edukacji-215x300.jpg 215w, http:\/\/sp.jaworzyna.net\/wp-content\/uploads\/2012\/01\/lider_edukacji.jpg 591w\" sizes=\"auto, (max-width: 215px) 100vw, 215px\" \/><\/a>Szko\u0142a Podstawowa im. Marii Konopnickiej w Jaworzynie \u015al\u0105skiej uczestniczy w projekcie Regionalnego Programu Operacyjnego dla Wojew\u00f3dztwa Dolno\u015bl\u0105skiego \u201ePracownia przyrodnicza w ka\u017cdej gminie\u201d , w projekcie POKL 9.1.2. \u201eDolno\u015bl\u0105ska szko\u0142a liderem projako\u015bciowych zmian w polskim systemie edukacji\u201d oraz w projekcie POKL 9.4.,, Szkolenia nauczycieli w zakresie rozwijania kompetencji kluczowych\u201d. Wspomniane projekty s\u0105 wsp\u00f3\u0142finansowane ze \u015brodk\u00f3w Unii Europejskiej w ramach Europejskiego Funduszu Spo\u0142ecznego i powsta\u0142y w Urz\u0119dzie Marsza\u0142kowskim Wojew\u00f3dztwa Dolno\u015bl\u0105skiego we wsp\u00f3\u0142pracy z Dolno\u015bl\u0105skim O\u015brodkiem Doskonalenia Nauczycieli we Wroc\u0142awiu, kt\u00f3ry odpowiada za realizacj\u0119 cz\u0119\u015bci zada\u0144 w dw\u00f3ch z ostatnich wymienionych projekt\u00f3w . <!--more-->Projekty te s\u0105 komplementarne , uzupe\u0142niaj\u0105 si\u0119 tworz\u0105c obszerny projekt, kt\u00f3rego g\u0142\u00f3wnym celem jest wyr\u00f3wnywanie szans edukacyjnych uczni\u00f3w o utrudnionym dost\u0119pie do edukacji, zmniejszanie r\u00f3\u017cnic w jako\u015bci us\u0142ug edukacyjnych-podnoszenie jako\u015bci procesu kszta\u0142cenia, wspieranie indywidualnych zainteresowa\u0144 i zdolno\u015bci ka\u017cdego ucznia ze szczeg\u00f3lnym uwzgl\u0119dnieniem umiej\u0119tno\u015bci kluczowych poprzez realizacj\u0119 program\u00f3w rozwojowych na zaj\u0119ciach pozalekcyjnych i pozaszkolnych, a tak\u017ce wdra\u017canie przyj\u0119tych rozwi\u0105za\u0144 do praktyki szkolnej. Wi\u0119cej informacji pod adresami:<\/p>\n<p>1.www.umwd.dolnyslask.pl\/edukacja\/projekty-rpo-i-ewt\/projekty-wspolfinansowane-przez-unie-europejska-ze-srodkow-efrr-w-ramach-rpo-wd-na-lata-2007-2013\/<\/p>\n<p>2.www.umwd.dolnyslask.pl\/lider-zmian<\/p>\n<p>3.www.szkolenianauczycieli.pl\/<\/p>\n<p>&nbsp;<\/p>\n<p>REALIZACJA PROJEKT\u00d3W W NASZEJ SZKOLE :<\/p>\n<p>&nbsp;<\/p>\n<p><a title=\"Pracownia przyrodnicza\" href=\"http:\/\/szkola.jaworzyna.net\/\/pracownia2012.html\" target=\"_blank\">1.Projekt&#8221;Pracownia przyrodnicza w ka\u017cdej gminie&#8221;<\/a><\/p>\n<p>&nbsp;<\/p>\n<p><a title=\"Szkolenia dla nauczycieli\" href=\"http:\/\/szkola.jaworzyna.net\/\/szkolenia2012.html\" target=\"_blank\">2.Projekt &#8222;Szkolenia dla nauczycieli&#8221;<\/a><\/p>\n<p>&nbsp;<\/p>\n<p><a title=\"Dolno\u015bl\u0105ska szko\u0142a liderem zmian jako\u015bciowych\" href=\"http:\/\/szkola.jaworzyna.net\/\/lider2012.html\" target=\"_blank\">3.Projekt,, Dolno\u015bl\u0105ska szko\u0142a liderem projako\u015bciowych zmian w polskim systemie edukacji\u201d<\/a><\/p>\n<p>&nbsp;<\/p>\n<p>Dzi\u0119ki zaanga\u017cowaniu szko\u0142y w realizacj\u0119 projektu ,,Dolno\u015bl\u0105ska szko\u0142a liderem projako\u015bciowych zmian w polskim systemie edukacji\u201d i mo\u017cliwo\u015bci korzystania z r\u00f3\u017cnych form wsparcia rozwijane s\u0105 kompetencje kluczowe obejmuj\u0105ce r\u00f3\u017cnorodne dziedziny aktywno\u015bci uczni\u00f3w, kt\u00f3rzy wiedz\u0119 zdobywaj\u0105 przez eksperyment, do\u015bwiadczenie i w\u0142asne dzia\u0142anie. Kompetencje kluczowe to:<\/p>\n<p>1. Planowanie, organizowanie i ocenianie w\u0142asnego uczenia si\u0119.<\/p>\n<p>Kompetencja ta ma s\u0142u\u017cy\u0107 temu, aby uczniowie:<\/p>\n<p>\u00b7 planowali wykonania zadania,<\/p>\n<p>\u00b7 byli \u015bwiadomi cel\u00f3w i przedmiot\u00f3w uczenia si\u0119,<\/p>\n<p>\u00b7 uczyli si\u0119 \u015bwiadomie i odpowiedzialnie.<\/p>\n<p>2. Skuteczne porozumiewanie si\u0119 w r\u00f3\u017cnych sytuacjach.<\/p>\n<p>Kompetencja ta ma s\u0142u\u017cy\u0107 temu, aby uczniowie:<\/p>\n<p>\u00b7 precyzyjnie wyra\u017cali swoje my\u015bli,<\/p>\n<p>\u00b7 nauczyli si\u0119 s\u0142ucha\u0107 innych,<\/p>\n<p>\u00b7 m\u00f3wili tak, aby byli rozumiani,<\/p>\n<p>\u00b7 odczytywali znaki pozawerbalne.<\/p>\n<p>3. Efektywne wsp\u00f3\u0142dzia\u0142anie w zespole.<\/p>\n<p>Kompetencja ta ma s\u0142u\u017cy\u0107 temu, aby uczniowie:<\/p>\n<p>\u00b7 umieli znale\u017a\u0107 si\u0119 w r\u00f3\u017cnych zespo\u0142ach, podejmowali r\u00f3\u017cne role (trzeba umie\u0107 by\u0107 prze\u0142o\u017conym, partnerem i podw\u0142adnym),<\/p>\n<p>\u00b7 uczyli si\u0119 wsp\u00f3lnego organizowania zada\u0144 i wsp\u00f3\u0142pracy z innymi<\/p>\n<p>\u00b7 podejmowali odpowiedzialno\u015b\u0107 za prac\u0119 grupy<\/p>\n<p>4. Rozwi\u0105zywanie problem\u00f3w w tw\u00f3rczy spos\u00f3b.<\/p>\n<p>Kompetencja ta ma s\u0142u\u017cy\u0107 temu, aby uczniowie:<\/p>\n<p>\u00b7 umieli dostrzega\u0107 problemy,<\/p>\n<p>\u00b7 przyjmowali tw\u00f3rcz\u0105 postaw\u0119,<\/p>\n<p>\u00b7 umieli stawia\u0107 hipotezy, weryfikowa\u0107 je,<\/p>\n<p>5. Sprawne pos\u0142ugiwanie si\u0119 komputerem.<\/p>\n<p>Kompetencja ta ma s\u0142u\u017cy\u0107 temu, aby uczniowie:<\/p>\n<p>umieli si\u0119ga\u0107 do nowych \u017ar\u00f3de\u0142 informacji, celowo je gromadzi\u0107 i przetwarza\u0107.<\/p>\n<p>umieli korzysta\u0107 z posiadanej wiedzy w nowych sytuacjach.<\/p>\n<p>Kompetencje zdefiniowane zosta\u0142y jako po\u0142\u0105czenie wiedzy, umiej\u0119tno\u015bci i postaw odpowiednich do sytuacji. Kompetencje kluczowe to te, kt\u00f3rych wszystkie osoby potrzebuj\u0105 do samorealizacji i rozwoju osobistego, bycia aktywnym obywatelem, integracji spo\u0142ecznej i zatrudnienia. Unijne normy obowi\u0105zuj\u0105ce r\u00f3wnie\u017c w polskim systemie o\u015bwiaty ustanowi\u0142y osiem kompetencji kluczowych:<\/p>\n<p>porozumiewanie si\u0119 w j\u0119zyku ojczystym,<\/p>\n<p>porozumiewanie si\u0119 w j\u0119zykach obcych,<\/p>\n<p>kompetencje matematyczne i podstawowe kompetencje naukowo-techniczne,<\/p>\n<p>kompetencje informatyczne,<\/p>\n<p>umiej\u0119tno\u015b\u0107 uczenia si\u0119,<\/p>\n<p>kompetencje spo\u0142eczne i obywatelskie,<\/p>\n<p>inicjatywno\u015b\u0107 i przedsi\u0119biorczo\u015b\u0107<\/p>\n<p>\u015bwiadomo\u015b\u0107 i ekspresja kulturalna<\/p>\n<p style=\"text-align: right;\"><em>szkolny koordynator : El\u017cbieta Pietrzak<\/em><\/p>\n","protected":false},"excerpt":{"rendered":"<p>Szko\u0142a Podstawowa im. Marii Konopnickiej w Jaworzynie \u015al\u0105skiej uczestniczy w projekcie Regionalnego Programu Operacyjnego dla Wojew\u00f3dztwa Dolno\u015bl\u0105skiego \u201ePracownia przyrodnicza w ka\u017cdej gminie\u201d , w projekcie POKL 9.1.2. \u201eDolno\u015bl\u0105ska szko\u0142a liderem projako\u015bciowych zmian w polskim systemie edukacji\u201d oraz w projekcie POKL 9.4.,, Szkolenia nauczycieli w zakresie rozwijania kompetencji kluczowych\u201d. Wspomniane projekty s\u0105 wsp\u00f3\u0142finansowane ze \u015brodk\u00f3w Unii [&hellip;]<\/p>\n","protected":false},"author":2,"featured_media":121,"comment_status":"closed","ping_status":"closed","sticky":false,"template":"","format":"standard","meta":{"footnotes":""},"categories":[27],"tags":[29,12,28,11],"class_list":["post-75","post","type-post","status-publish","format-standard","hentry","category-projekty-eu","tag-eu","tag-jaworzyna-slaska","tag-projekty","tag-szkola-podstawowa","gallery-content-unit"],"_links":{"self":[{"href":"http:\/\/sp.jaworzyna.net\/index.php?rest_route=\/wp\/v2\/posts\/75","targetHints":{"allow":["GET"]}}],"collection":[{"href":"http:\/\/sp.jaworzyna.net\/index.php?rest_route=\/wp\/v2\/posts"}],"about":[{"href":"http:\/\/sp.jaworzyna.net\/index.php?rest_route=\/wp\/v2\/types\/post"}],"author":[{"embeddable":true,"href":"http:\/\/sp.jaworzyna.net\/index.php?rest_route=\/wp\/v2\/users\/2"}],"replies":[{"embeddable":true,"href":"http:\/\/sp.jaworzyna.net\/index.php?rest_route=%2Fwp%2Fv2%2Fcomments&post=75"}],"version-history":[{"count":9,"href":"http:\/\/sp.jaworzyna.net\/index.php?rest_route=\/wp\/v2\/posts\/75\/revisions"}],"predecessor-version":[{"id":127,"href":"http:\/\/sp.jaworzyna.net\/index.php?rest_route=\/wp\/v2\/posts\/75\/revisions\/127"}],"wp:featuredmedia":[{"embeddable":true,"href":"http:\/\/sp.jaworzyna.net\/index.php?rest_route=\/wp\/v2\/media\/121"}],"wp:attachment":[{"href":"http:\/\/sp.jaworzyna.net\/index.php?rest_route=%2Fwp%2Fv2%2Fmedia&parent=75"}],"wp:term":[{"taxonomy":"category","embeddable":true,"href":"http:\/\/sp.jaworzyna.net\/index.php?rest_route=%2Fwp%2Fv2%2Fcategories&post=75"},{"taxonomy":"post_tag","embeddable":true,"href":"http:\/\/sp.jaworzyna.net\/index.php?rest_route=%2Fwp%2Fv2%2Ftags&post=75"}],"curies":[{"name":"wp","href":"https:\/\/api.w.org\/{rel}","templated":true}]}}