{"id":727,"date":"2012-03-29T09:18:14","date_gmt":"2012-03-29T08:18:14","guid":{"rendered":"http:\/\/sp.jaworzyna.net\/?p=727"},"modified":"2013-10-25T12:22:24","modified_gmt":"2013-10-25T11:22:24","slug":"%e2%80%9ejak-nas-widza-tak-nas-maluja","status":"publish","type":"post","link":"http:\/\/sp.jaworzyna.net\/?p=727","title":{"rendered":"\u201eJak nas widz\u0105 tak nas maluj\u0105\u201d"},"content":{"rendered":"<p style=\"text-align: justify;\"><a href=\"http:\/\/sp.jaworzyna.net\/wp-content\/uploads\/2012\/03\/ten5.jpg\"><img loading=\"lazy\" decoding=\"async\" class=\"alignleft size-thumbnail wp-image-728\" title=\"ten\" alt=\"\" src=\"http:\/\/sp.jaworzyna.net\/wp-content\/uploads\/2012\/03\/ten5-150x150.jpg\" width=\"150\" height=\"150\" \/><\/a>W miesi\u0105cu lutym uczniowie naszej szko\u0142y wzi\u0119li udzia\u0142 w XIV edycji og\u00f3lnopolskiego konkursu plastycznego pod has\u0142em \u201e20 lat Pa\u0144stwowej Stra\u017cy Po\u017carnej \u2013 jak nas widz\u0105 tak nas maluj\u0105\u201d organizowanego przez Komend\u0119 G\u0142\u00f3wn\u0105 Pa\u0144stwowej Stra\u017cy Po\u017carnej.<\/p>\n<p style=\"text-align: justify;\">Dnia 20 lutego 2012 przeprowadzono eliminacj\u0119 szkolne. Z po\u015br\u00f3d 65 prac plastycznych wybrano 10 prac, kt\u00f3re przekazano do Urz\u0119du Miasta w Jaworzynie \u015al\u0105skiej.\u00a0<\/p>\n<p style=\"text-align: justify;\"><!--more--><\/p>\n<p style=\"text-align: left;\">\u00a0\u00a0\u00a0\u00a0\u00a0\u00a0\u00a0\u00a0\u00a0\u00a0\u00a0 Wy\u0142oniono laureat\u00f3w:\u00a0<\/p>\n<p style=\"text-align: center;\"><span style=\"text-decoration: underline;\">I grupa \u2013m\u0142odsza:\u00a0<\/span><\/p>\n<p style=\"text-align: center;\">I miejsce \u2013 Dankowska Emilia<\/p>\n<p style=\"text-align: center;\">II miejsce \u2013 Sowa Sandra<\/p>\n<p style=\"text-align: center;\">III miejsce \u2013 Dybe\u0142 Kinga<\/p>\n<p style=\"text-align: center;\">IV miejsce \u2013 Ko\u017alik Mateusz<\/p>\n<p style=\"text-align: center;\">V miejsce \u2013 Burdzi\u0144ski Mateusz<\/p>\n<p style=\"text-align: center;\">\u00a0<span style=\"text-decoration: underline;\">II grupa \u2013 \u015brednia:<\/span><\/p>\n<p style=\"text-align: center;\">\u00a0I miejsce \u2013 Majborska Justyna<\/p>\n<p style=\"text-align: center;\">II miejsce \u2013 Jacukiewicz Igor<\/p>\n<p style=\"text-align: center;\">III miejsce \u2013 Kozycz Zuzanna<\/p>\n<p style=\"text-align: center;\">IV miejsce \u2013 Chwa\u0142ek Sandra<\/p>\n<p style=\"text-align: center;\">V miejsce \u2013 Mydlarska Justyna<\/p>\n<p style=\"text-align: center;\">\u00a0<span style=\"text-decoration: underline;\">Wyr\u00f3\u017cnienia otrzymali:<\/span>\u00a0<\/p>\n<p style=\"text-align: justify;\">Kadziszewska Wiktoria, Adamczyk Klaudia, Ko\u0142tunowicz Patrycja, S\u0142ota Paulina, Richtszajd Karolina, Sznabel Sandra, Kozycz Mi\u0142osz, Drozdowski Maksymilian, Soboczy\u0144ska Natalia, Szczygie\u0142 Kacper, Ptaszkiewicz Gabrysia, \u0141anek Maja, Wojtkowiak Oskar, \u017belazna Julia, Okarmus Ksawier, Hajduk Kasia, Barnak Wiktoria, Bielat Kinga.<\/p>\n<p style=\"text-align: center;\"><em>Gratulujemy!<\/em><\/p>\n\n\t\t<style type=\"text\/css\">\n\t\t\t#gallery-1 {\n\t\t\t\tmargin: auto;\n\t\t\t}\n\t\t\t#gallery-1 .gallery-item {\n\t\t\t\tfloat: left;\n\t\t\t\tmargin-top: 10px;\n\t\t\t\ttext-align: center;\n\t\t\t\twidth: 33%;\n\t\t\t}\n\t\t\t#gallery-1 img {\n\t\t\t\tborder: 2px solid #cfcfcf;\n\t\t\t}\n\t\t\t#gallery-1 .gallery-caption {\n\t\t\t\tmargin-left: 0;\n\t\t\t}\n\t\t\t\/* see gallery_shortcode() in wp-includes\/media.php *\/\n\t\t<\/style>\n\t\t<div id='gallery-1' class='gallery galleryid-727 gallery-columns-3 gallery-size-thumbnail'><dl class='gallery-item'>\n\t\t\t<dt class='gallery-icon landscape'>\n\t\t\t\t<img loading=\"lazy\" decoding=\"async\" width=\"150\" height=\"150\" src=\"http:\/\/sp.jaworzyna.net\/wp-content\/uploads\/2012\/03\/DSCF30202-150x150.jpg\" class=\"attachment-thumbnail size-thumbnail\" alt=\"\" \/>\n\t\t\t<\/dt><\/dl><dl class='gallery-item'>\n\t\t\t<dt class='gallery-icon landscape'>\n\t\t\t\t<img loading=\"lazy\" decoding=\"async\" width=\"150\" height=\"150\" src=\"http:\/\/sp.jaworzyna.net\/wp-content\/uploads\/2012\/03\/DSCF3034-150x150.jpg\" class=\"attachment-thumbnail size-thumbnail\" alt=\"\" \/>\n\t\t\t<\/dt><\/dl><dl class='gallery-item'>\n\t\t\t<dt class='gallery-icon portrait'>\n\t\t\t\t<img loading=\"lazy\" decoding=\"async\" width=\"150\" height=\"150\" src=\"http:\/\/sp.jaworzyna.net\/wp-content\/uploads\/2012\/03\/DSCF3043-150x150.jpg\" class=\"attachment-thumbnail size-thumbnail\" alt=\"\" \/>\n\t\t\t<\/dt><\/dl><br style=\"clear: both\" \/><dl class='gallery-item'>\n\t\t\t<dt class='gallery-icon landscape'>\n\t\t\t\t<img loading=\"lazy\" decoding=\"async\" width=\"150\" height=\"150\" src=\"http:\/\/sp.jaworzyna.net\/wp-content\/uploads\/2012\/03\/ten5-150x150.jpg\" class=\"attachment-thumbnail size-thumbnail\" alt=\"\" \/>\n\t\t\t<\/dt><\/dl><dl class='gallery-item'>\n\t\t\t<dt class='gallery-icon landscape'>\n\t\t\t\t<img loading=\"lazy\" decoding=\"async\" width=\"150\" height=\"150\" src=\"http:\/\/sp.jaworzyna.net\/wp-content\/uploads\/2012\/03\/DSCF30071-150x150.jpg\" class=\"attachment-thumbnail size-thumbnail\" alt=\"\" \/>\n\t\t\t<\/dt><\/dl><dl class='gallery-item'>\n\t\t\t<dt class='gallery-icon landscape'>\n\t\t\t\t<img loading=\"lazy\" decoding=\"async\" width=\"150\" height=\"150\" src=\"http:\/\/sp.jaworzyna.net\/wp-content\/uploads\/2012\/03\/DSCF3028-150x150.jpg\" class=\"attachment-thumbnail size-thumbnail\" alt=\"\" \/>\n\t\t\t<\/dt><\/dl><br style=\"clear: both\" \/><dl class='gallery-item'>\n\t\t\t<dt class='gallery-icon landscape'>\n\t\t\t\t<img loading=\"lazy\" decoding=\"async\" width=\"150\" height=\"150\" src=\"http:\/\/sp.jaworzyna.net\/wp-content\/uploads\/2012\/03\/DSCF3041-150x150.jpg\" class=\"attachment-thumbnail size-thumbnail\" alt=\"\" \/>\n\t\t\t<\/dt><\/dl><dl class='gallery-item'>\n\t\t\t<dt class='gallery-icon landscape'>\n\t\t\t\t<img loading=\"lazy\" decoding=\"async\" width=\"150\" height=\"150\" src=\"http:\/\/sp.jaworzyna.net\/wp-content\/uploads\/2012\/03\/DSCF30261-150x150.jpg\" class=\"attachment-thumbnail size-thumbnail\" alt=\"\" \/>\n\t\t\t<\/dt><\/dl>\n\t\t\t<br style='clear: both' \/>\n\t\t<\/div>\n\n<p>&nbsp;<\/p>\n<p style=\"text-align: justify;\">\u00a0<\/p>\n","protected":false},"excerpt":{"rendered":"<p>W miesi\u0105cu lutym uczniowie naszej szko\u0142y wzi\u0119li udzia\u0142 w XIV edycji og\u00f3lnopolskiego konkursu plastycznego pod has\u0142em \u201e20 lat Pa\u0144stwowej Stra\u017cy Po\u017carnej \u2013 jak nas widz\u0105 tak nas maluj\u0105\u201d organizowanego przez Komend\u0119 G\u0142\u00f3wn\u0105 Pa\u0144stwowej Stra\u017cy Po\u017carnej. Dnia 20 lutego 2012 przeprowadzono eliminacj\u0119 szkolne. Z po\u015br\u00f3d 65 prac plastycznych wybrano 10 prac, kt\u00f3re przekazano do Urz\u0119du Miasta [&hellip;]<\/p>\n","protected":false},"author":2,"featured_media":0,"comment_status":"closed","ping_status":"closed","sticky":false,"template":"","format":"standard","meta":{"footnotes":""},"categories":[3,9],"tags":[77,73],"class_list":["post-727","post","type-post","status-publish","format-standard","hentry","category-aktualnosci","category-z-zycia-szkoly","tag-konkurs-plastyczny","tag-straz-pozarna","gallery-content-unit"],"_links":{"self":[{"href":"http:\/\/sp.jaworzyna.net\/index.php?rest_route=\/wp\/v2\/posts\/727","targetHints":{"allow":["GET"]}}],"collection":[{"href":"http:\/\/sp.jaworzyna.net\/index.php?rest_route=\/wp\/v2\/posts"}],"about":[{"href":"http:\/\/sp.jaworzyna.net\/index.php?rest_route=\/wp\/v2\/types\/post"}],"author":[{"embeddable":true,"href":"http:\/\/sp.jaworzyna.net\/index.php?rest_route=\/wp\/v2\/users\/2"}],"replies":[{"embeddable":true,"href":"http:\/\/sp.jaworzyna.net\/index.php?rest_route=%2Fwp%2Fv2%2Fcomments&post=727"}],"version-history":[{"count":10,"href":"http:\/\/sp.jaworzyna.net\/index.php?rest_route=\/wp\/v2\/posts\/727\/revisions"}],"predecessor-version":[{"id":4294,"href":"http:\/\/sp.jaworzyna.net\/index.php?rest_route=\/wp\/v2\/posts\/727\/revisions\/4294"}],"wp:attachment":[{"href":"http:\/\/sp.jaworzyna.net\/index.php?rest_route=%2Fwp%2Fv2%2Fmedia&parent=727"}],"wp:term":[{"taxonomy":"category","embeddable":true,"href":"http:\/\/sp.jaworzyna.net\/index.php?rest_route=%2Fwp%2Fv2%2Fcategories&post=727"},{"taxonomy":"post_tag","embeddable":true,"href":"http:\/\/sp.jaworzyna.net\/index.php?rest_route=%2Fwp%2Fv2%2Ftags&post=727"}],"curies":[{"name":"wp","href":"https:\/\/api.w.org\/{rel}","templated":true}]}}