{"id":1478,"date":"2012-06-06T14:01:01","date_gmt":"2012-06-06T13:01:01","guid":{"rendered":"http:\/\/sp.jaworzyna.net\/?p=1478"},"modified":"2013-09-30T12:16:05","modified_gmt":"2013-09-30T11:16:05","slug":"dzien-patrona-szkoly","status":"publish","type":"post","link":"http:\/\/sp.jaworzyna.net\/?p=1478","title":{"rendered":"Dzie\u0144 Patrona Szko\u0142y"},"content":{"rendered":"<p style=\"text-align: justify;\"><a href=\"http:\/\/sp.jaworzyna.net\/wp-content\/uploads\/2012\/06\/ten4.jpg\"><img loading=\"lazy\" decoding=\"async\" class=\"alignleft size-thumbnail wp-image-1479\" title=\"ten\" alt=\"\" src=\"http:\/\/sp.jaworzyna.net\/wp-content\/uploads\/2012\/06\/ten4-150x150.jpg\" width=\"150\" height=\"150\" \/><\/a>6 czerwca z okazji Dnia Patrona naszej szko\u0142y w\u00a0bibliotece odby\u0142a si\u0119 uroczysto\u015b\u0107 po\u015bwi\u0119cona Marii Konopnickiej. W nastrojowej inscenizacji przypomnieli\u015bmy sobie \u017cycie i tw\u00f3rczo\u015b\u0107 naszej Patronki \u2013 pi\u0119kne, ale te\u017c zarazem ci\u0119\u017ckie chwile jej \u017cycia. Obejrzeli\u015bmy prezentacj\u0119 multimedialn\u0105 w kt\u00f3rej zwiedzili\u015bmy jej dom, dworek, gabinet oraz zabytki po\u015bwi\u0119cone artystce.\u00a0 Na koniec odby\u0142a si\u0119 recytacja wierszy Patronki przez klasy 4 -6.<\/p>\n<p><!--more--><\/p>\n<p>W\u015br\u00f3d nich wy\u0142onili\u015bmy zwyci\u0119zc\u00f3w:<\/p>\n<p>I miejsce \u2013 klasa VI b,<\/p>\n<p>II miejsce \u2013 klasa VI a,<\/p>\n<p>III miejsce \u2013 klasa IV c.<\/p>\n<p>Gratulujemy!!!<\/p>\n<p>R\u00f3wnie\u017c nagrodzili\u015bmy m\u0142odych wykonawc\u00f3w prac plastycznych w konkursie: \u201eTw\u00f3rczo\u015b\u0107 Marii Konopnickiej widziana oczami dziecka\u201d<\/p>\n<p>I miejsce zdoby\u0142 Mateusz Burdzi\u0144ski\u00a0 z klasy 2b,<\/p>\n<p>II miejsce Emilia Dankowska z klasy 2 b,<\/p>\n<p>III miejsce \u2013 Mateusz Ko\u017alik z klasy I a.<\/p>\n<p>Przyznali\u015bmy te\u017c 2 wyr\u00f3\u017cnienia dla Julii \u017belaznej oraz dla Justyny Zarzecznej.<\/p>\n<p>M\u0142odym artystom gratulujemy!!!<\/p>\n\n\t\t<style type=\"text\/css\">\n\t\t\t#gallery-1 {\n\t\t\t\tmargin: auto;\n\t\t\t}\n\t\t\t#gallery-1 .gallery-item {\n\t\t\t\tfloat: left;\n\t\t\t\tmargin-top: 10px;\n\t\t\t\ttext-align: center;\n\t\t\t\twidth: 33%;\n\t\t\t}\n\t\t\t#gallery-1 img {\n\t\t\t\tborder: 2px solid #cfcfcf;\n\t\t\t}\n\t\t\t#gallery-1 .gallery-caption {\n\t\t\t\tmargin-left: 0;\n\t\t\t}\n\t\t\t\/* see gallery_shortcode() in wp-includes\/media.php *\/\n\t\t<\/style>\n\t\t<div id='gallery-1' class='gallery galleryid-1478 gallery-columns-3 gallery-size-thumbnail'><dl class='gallery-item'>\n\t\t\t<dt class='gallery-icon landscape'>\n\t\t\t\t<img loading=\"lazy\" decoding=\"async\" width=\"150\" height=\"150\" src=\"http:\/\/sp.jaworzyna.net\/wp-content\/uploads\/2012\/06\/DSCF3028-150x150.jpg\" class=\"attachment-thumbnail size-thumbnail\" alt=\"\" \/>\n\t\t\t<\/dt><\/dl><dl class='gallery-item'>\n\t\t\t<dt class='gallery-icon landscape'>\n\t\t\t\t<img loading=\"lazy\" decoding=\"async\" width=\"150\" height=\"150\" src=\"http:\/\/sp.jaworzyna.net\/wp-content\/uploads\/2012\/06\/DSCF3014-150x150.jpg\" class=\"attachment-thumbnail size-thumbnail\" alt=\"\" \/>\n\t\t\t<\/dt><\/dl><dl class='gallery-item'>\n\t\t\t<dt class='gallery-icon landscape'>\n\t\t\t\t<img loading=\"lazy\" decoding=\"async\" width=\"150\" height=\"150\" src=\"http:\/\/sp.jaworzyna.net\/wp-content\/uploads\/2012\/06\/DSCF3027-150x150.jpg\" class=\"attachment-thumbnail size-thumbnail\" alt=\"\" \/>\n\t\t\t<\/dt><\/dl><br style=\"clear: both\" \/><dl class='gallery-item'>\n\t\t\t<dt class='gallery-icon landscape'>\n\t\t\t\t<img loading=\"lazy\" decoding=\"async\" width=\"150\" height=\"150\" src=\"http:\/\/sp.jaworzyna.net\/wp-content\/uploads\/2012\/06\/ten4-150x150.jpg\" class=\"attachment-thumbnail size-thumbnail\" alt=\"\" \/>\n\t\t\t<\/dt><\/dl><dl class='gallery-item'>\n\t\t\t<dt class='gallery-icon portrait'>\n\t\t\t\t<img loading=\"lazy\" decoding=\"async\" width=\"150\" height=\"150\" src=\"http:\/\/sp.jaworzyna.net\/wp-content\/uploads\/2012\/06\/DSCF30191-150x150.jpg\" class=\"attachment-thumbnail size-thumbnail\" alt=\"\" \/>\n\t\t\t<\/dt><\/dl><dl class='gallery-item'>\n\t\t\t<dt class='gallery-icon landscape'>\n\t\t\t\t<img loading=\"lazy\" decoding=\"async\" width=\"150\" height=\"150\" src=\"http:\/\/sp.jaworzyna.net\/wp-content\/uploads\/2012\/06\/DSCF3025-150x150.jpg\" class=\"attachment-thumbnail size-thumbnail\" alt=\"\" \/>\n\t\t\t<\/dt><\/dl><br style=\"clear: both\" \/><dl class='gallery-item'>\n\t\t\t<dt class='gallery-icon landscape'>\n\t\t\t\t<img loading=\"lazy\" decoding=\"async\" width=\"150\" height=\"150\" src=\"http:\/\/sp.jaworzyna.net\/wp-content\/uploads\/2012\/06\/DSCF3018-150x150.jpg\" class=\"attachment-thumbnail size-thumbnail\" alt=\"\" \/>\n\t\t\t<\/dt><\/dl><dl class='gallery-item'>\n\t\t\t<dt class='gallery-icon landscape'>\n\t\t\t\t<img loading=\"lazy\" decoding=\"async\" width=\"150\" height=\"150\" src=\"http:\/\/sp.jaworzyna.net\/wp-content\/uploads\/2012\/06\/DSCF3004-150x150.jpg\" class=\"attachment-thumbnail size-thumbnail\" alt=\"\" \/>\n\t\t\t<\/dt><\/dl><dl class='gallery-item'>\n\t\t\t<dt class='gallery-icon landscape'>\n\t\t\t\t<img loading=\"lazy\" decoding=\"async\" width=\"150\" height=\"150\" src=\"http:\/\/sp.jaworzyna.net\/wp-content\/uploads\/2012\/06\/DSCF3012-150x150.jpg\" class=\"attachment-thumbnail size-thumbnail\" alt=\"\" \/>\n\t\t\t<\/dt><\/dl><br style=\"clear: both\" \/><dl class='gallery-item'>\n\t\t\t<dt class='gallery-icon landscape'>\n\t\t\t\t<img loading=\"lazy\" decoding=\"async\" width=\"150\" height=\"150\" src=\"http:\/\/sp.jaworzyna.net\/wp-content\/uploads\/2012\/06\/DSCF30061-150x150.jpg\" class=\"attachment-thumbnail size-thumbnail\" alt=\"\" \/>\n\t\t\t<\/dt><\/dl><dl class='gallery-item'>\n\t\t\t<dt class='gallery-icon portrait'>\n\t\t\t\t<img loading=\"lazy\" decoding=\"async\" width=\"150\" height=\"150\" src=\"http:\/\/sp.jaworzyna.net\/wp-content\/uploads\/2012\/06\/DSCF30201-150x150.jpg\" class=\"attachment-thumbnail size-thumbnail\" alt=\"\" \/>\n\t\t\t<\/dt><\/dl><dl class='gallery-item'>\n\t\t\t<dt class='gallery-icon landscape'>\n\t\t\t\t<img loading=\"lazy\" decoding=\"async\" width=\"150\" height=\"150\" src=\"http:\/\/sp.jaworzyna.net\/wp-content\/uploads\/2012\/06\/DSCF30021-150x150.jpg\" class=\"attachment-thumbnail size-thumbnail\" alt=\"\" \/>\n\t\t\t<\/dt><\/dl><br style=\"clear: both\" \/><dl class='gallery-item'>\n\t\t\t<dt class='gallery-icon portrait'>\n\t\t\t\t<img loading=\"lazy\" decoding=\"async\" width=\"150\" height=\"150\" src=\"http:\/\/sp.jaworzyna.net\/wp-content\/uploads\/2012\/06\/DSCF3007-150x150.jpg\" class=\"attachment-thumbnail size-thumbnail\" alt=\"\" \/>\n\t\t\t<\/dt><\/dl>\n\t\t\t<br style='clear: both' \/>\n\t\t<\/div>\n\n","protected":false},"excerpt":{"rendered":"<p>6 czerwca z okazji Dnia Patrona naszej szko\u0142y w\u00a0bibliotece odby\u0142a si\u0119 uroczysto\u015b\u0107 po\u015bwi\u0119cona Marii Konopnickiej. W nastrojowej inscenizacji przypomnieli\u015bmy sobie \u017cycie i tw\u00f3rczo\u015b\u0107 naszej Patronki \u2013 pi\u0119kne, ale te\u017c zarazem ci\u0119\u017ckie chwile jej \u017cycia. Obejrzeli\u015bmy prezentacj\u0119 multimedialn\u0105 w kt\u00f3rej zwiedzili\u015bmy jej dom, dworek, gabinet oraz zabytki po\u015bwi\u0119cone artystce.\u00a0 Na koniec odby\u0142a si\u0119 recytacja wierszy Patronki [&hellip;]<\/p>\n","protected":false},"author":2,"featured_media":0,"comment_status":"closed","ping_status":"closed","sticky":false,"template":"","format":"standard","meta":{"footnotes":""},"categories":[3,9],"tags":[],"class_list":["post-1478","post","type-post","status-publish","format-standard","hentry","category-aktualnosci","category-z-zycia-szkoly","gallery-content-unit"],"_links":{"self":[{"href":"http:\/\/sp.jaworzyna.net\/index.php?rest_route=\/wp\/v2\/posts\/1478","targetHints":{"allow":["GET"]}}],"collection":[{"href":"http:\/\/sp.jaworzyna.net\/index.php?rest_route=\/wp\/v2\/posts"}],"about":[{"href":"http:\/\/sp.jaworzyna.net\/index.php?rest_route=\/wp\/v2\/types\/post"}],"author":[{"embeddable":true,"href":"http:\/\/sp.jaworzyna.net\/index.php?rest_route=\/wp\/v2\/users\/2"}],"replies":[{"embeddable":true,"href":"http:\/\/sp.jaworzyna.net\/index.php?rest_route=%2Fwp%2Fv2%2Fcomments&post=1478"}],"version-history":[{"count":9,"href":"http:\/\/sp.jaworzyna.net\/index.php?rest_route=\/wp\/v2\/posts\/1478\/revisions"}],"predecessor-version":[{"id":4207,"href":"http:\/\/sp.jaworzyna.net\/index.php?rest_route=\/wp\/v2\/posts\/1478\/revisions\/4207"}],"wp:attachment":[{"href":"http:\/\/sp.jaworzyna.net\/index.php?rest_route=%2Fwp%2Fv2%2Fmedia&parent=1478"}],"wp:term":[{"taxonomy":"category","embeddable":true,"href":"http:\/\/sp.jaworzyna.net\/index.php?rest_route=%2Fwp%2Fv2%2Fcategories&post=1478"},{"taxonomy":"post_tag","embeddable":true,"href":"http:\/\/sp.jaworzyna.net\/index.php?rest_route=%2Fwp%2Fv2%2Ftags&post=1478"}],"curies":[{"name":"wp","href":"https:\/\/api.w.org\/{rel}","templated":true}]}}